{"id":24757,"date":"2023-11-19T15:27:24","date_gmt":"2023-11-19T14:27:24","guid":{"rendered":"https:\/\/anitafleerackers.be\/?p=24757"},"modified":"2025-02-02T16:11:17","modified_gmt":"2025-02-02T15:11:17","slug":"art3f-brussel-2023-internationale-beurs-voor-hedendaagse-kunst","status":"publish","type":"post","link":"https:\/\/anitafleerackers.be\/nl\/tentoonstelling\/tentoonstelling-in-groep\/art3f-brussel-2023-internationale-beurs-voor-hedendaagse-kunst\/","title":{"rendered":"art3f Brussel 2023 Internationale beurs voor hedendaagse kunst"},"content":{"rendered":"\n<div class=\"wp-block-columns is-layout-flex wp-container-core-columns-is-layout-9d6595d7 wp-block-columns-is-layout-flex\">\n<div class=\"wp-block-column is-layout-flow wp-block-column-is-layout-flow\" style=\"flex-basis:100%\">\n<h2 class=\"wp-block-heading has-text-align-left\" id=\"h-art3f-brussel-2023-internationale-beurs-voor-hedendaagse-kunst\">art3f Brussel 2023 Internationale beurs voor hedendaagse kunst<\/h2>\n\n\n\n<h2 class=\"wp-block-heading has-text-align-left\" id=\"h-stand-anita-fleerackers\">Stand Anita Fleerackers<\/h2>\n\n\n\n<h3 class=\"wp-block-heading has-text-align-left\" id=\"h-brussels-expo\">Brussels Expo<\/h3>\n\n\n\n<div style=\"height:20px\" aria-hidden=\"true\" class=\"wp-block-spacer\"><\/div>\n\n\n\n<div class=\"wp-block-columns is-layout-flex wp-container-core-columns-is-layout-9d6595d7 wp-block-columns-is-layout-flex\">\n<div class=\"wp-block-column is-layout-flow wp-block-column-is-layout-flow\">\n<figure class=\"wp-block-image size-full\"><img decoding=\"async\" width=\"1024\" height=\"768\" src=\"https:\/\/cdn.shortpixel.ai\/spai5\/q_glossy+ex_1+ret_img+to_auto\/anitafleerackers.be\/wp-content\/uploads\/2023\/11\/BRUXELLES_23_4x3___FR-1024x768-1.jpg\" data-spai-egr=\"1\" alt=\"art3f Brussel 2023 Internationale beurs voor hedendaagse kunst - Stand Anita Fleerackers\" class=\"wp-image-24758\"   srcset=\"https:\/\/cdn.shortpixel.ai\/spai5\/q_glossy+ex_1+ret_img+to_auto\/anitafleerackers.be\/wp-content\/uploads\/2023\/11\/BRUXELLES_23_4x3___FR-1024x768-1.jpg 1024w, https:\/\/cdn.shortpixel.ai\/spai5\/q_glossy+ex_1+ret_img+to_auto\/anitafleerackers.be\/wp-content\/uploads\/2023\/11\/BRUXELLES_23_4x3___FR-1024x768-1-374x281.jpg 374w, https:\/\/cdn.shortpixel.ai\/spai5\/q_glossy+ex_1+ret_img+to_auto\/anitafleerackers.be\/wp-content\/uploads\/2023\/11\/BRUXELLES_23_4x3___FR-1024x768-1-150x113.jpg 150w, https:\/\/cdn.shortpixel.ai\/spai5\/q_glossy+ex_1+ret_img+to_auto\/anitafleerackers.be\/wp-content\/uploads\/2023\/11\/BRUXELLES_23_4x3___FR-1024x768-1-768x576.jpg 768w, https:\/\/cdn.shortpixel.ai\/spai5\/q_glossy+ex_1+ret_img+to_auto\/anitafleerackers.be\/wp-content\/uploads\/2023\/11\/BRUXELLES_23_4x3___FR-1024x768-1-930x698.jpg 930w\" sizes=\"(max-width: 1024px) 100vw, 1024px\" \/><\/figure>\n\n\n\n<h3 class=\"wp-block-heading\" id=\"h-art3f-brussel-2023-internationale-beurs-voor-hedendaagse-kunst-0\">art3f Brussel 2023 Internationale beurs voor hedendaagse kunst<\/h3>\n\n\n\n<h3 class=\"wp-block-heading\" id=\"h-stand-anita-fleerackers-0\">Stand Anita Fleerackers<\/h3>\n\n\n\n<p>Van 24 tot 26 november 2023<\/p>\n\n\n\n<p>Openingsuren:<br>vrijdag : 16:00 \u2013 22:00 u<br>zaterdag : 10:00 \u2013 20:00 u<br>zondag : 10:00 \u2013 19:00 u<\/p>\n\n\n\n<h4 class=\"wp-block-heading\" id=\"h-van-harte-welkom\">Van Harte Welkom !<\/h4>\n\n\n\n<p><strong>Brussels Expo<br>Paleis 3 \u2013 Belgi\u00ebplein 1<br>1020 Brussel<br>Parkings B, T, M<\/strong><\/p>\n\n\n\n<h3 class=\"wp-block-heading\" id=\"h-internationale-beurs-voor-hedendaagse-kunst\">Internationale beurs voor hedendaagse kunst<\/h3>\n\n\n\n<p><strong>art3f verlegt de lijnen van traditionele hedendaagse kunsthandelbeurzen en geeft deze culturele evenementen een menselijke en warme kant.<\/strong> Zonder code, zonder vooroordelen en ongeremd is art3f een slimme mix tussen favoriete kunst, betaalbare kunst en de mooiste artistieke weergave van dit moment. Zoveel redenen om als gezin kunst te ontdekken.<\/p>\n<\/div>\n\n\n\n<div class=\"wp-block-column is-layout-flow wp-block-column-is-layout-flow\">\n<h3 class=\"wp-block-heading\" id=\"h-directe-uitwisseling-en-het-delen-van-emoties-met-kunstenaars-en-galerieen\">Directe uitwisseling en het delen van emoties met kunstenaars en galerie\u00ebn<\/h3>\n\n\n\n<p>Met een sterke overheersing van kunstenaars geselecteerd door ons selectiecomit\u00e9 (er zullen ook galerijen aanwezig zijn),&nbsp;<strong>zullen kunstliefhebbers en verzamelaars de kunstenaars live kunnen ontmoeten en hun unieke universums met hen kunnen delen<\/strong>&nbsp;. Een unieke kans om nieuw talent te ontdekken en de sterren van morgen te ontdekken! Onder deze vele talenten (schilders, beeldhouwers, fotografen\u2026), kunstontdekkingen, de jonge internationale hedendaagse garde maar ook gevestigde kunstenaars en prestigieuze werken. Wat een emoties en delen zullen er komen!&nbsp;<strong>Omdat het leven doorgaat en het optimisme zijn rechten terugneemt, omdat je positief moet zijn, moet drinken, eten, plezier moet hebben, je moet verwonderen, kunst is een uitstekende remedie!<\/strong><\/p>\n\n\n\n<h5 class=\"wp-block-heading\" id=\"h-vorige-edities\">Vorige edities<\/h5>\n\n\n\n<p><a href=\"https:\/\/anitafleerackers.be\/nl\/tentoonstelling\/tentoonstelling-in-groep\/art3f-brussel-2022-internationale-hedendaagse-kunstbeurs\/\">2022<\/a><\/p>\n\n\n\n<p><a href=\"https:\/\/anitafleerackers.be\/nl\/tentoonstelling\/tentoonstelling-in-groep\/art3f-brussel-2021-internationale-beurs-voor-hedendaagse-kunst\/\">2021<\/a><\/p>\n\n\n\n<h3 class=\"wp-block-heading\" id=\"block-0f66a664-53af-454e-8d9f-a578d7dc30d8\">Anita Fleerackers<\/h3>\n\n\n\n<p>Natuur? Natuurlijk Natuur! Natuur was altijd al een bron van inspiratie voor kunstenaars. Ook voor Anita is het een onuitputtelijke bron voor haar inspiratie.&nbsp;<a href=\"https:\/\/anitafleerackers.be\/nl\/inspiraties\/inspiratie\/\" target=\"_blank\" rel=\"noreferrer noopener\">Lees meer\u2026<\/a><\/p>\n\n\n\n<h4 class=\"wp-block-heading\" id=\"h-gevoelens-en-karakters\">Gevoelens en karakters<\/h4>\n\n\n\n<p>Gevoelens en karakters, minimalistisch weergegeven.<br>Telkens opnieuw, met de hand opgebouwd in verschillende etappes, wachten, composities en evenwicht zoeken, telkens opnieuw. Een beeld moet goed zitten want ook al zet je er bij het bakken je mooiste kleur op, wanneer de vorm slecht is zal de mooie kleur niet helpen.<br>Het aanvoelen van materialen, de tijd nemen hiervoor. De klei respecteren noem ik dat, want wanneer ik te snel werk wraakt de klei zich, is niet akkoord en spuugt zijn woede in duizend stukjes uit in de oven.<\/p>\n\n\n\n<h4 class=\"wp-block-heading\" id=\"h-prachtige-kleuren-pixelisme\">Prachtige kleuren. Pixelisme!<\/h4>\n\n\n\n<p>Prachtige kleuren van de natuur in alle seizoenen. \u2018s Ochtends vroeg, de vrieskou die in de lucht hangt bij het opkomen van de zon. Ze geeft een prisma aan kleuren in de lucht, of de zon, die door de nevel probeert door te breken. De vele tinten groen in de lente en de pracht van bloesems, zomer aan zee, herfst met alle tinten roodbruingeel. Winter, een achtergebleven roos bedolven onder de sneeuw. Haar schilderijen zijn memories, die zoals foto\u2019s duizenden pixels bevatten, opgebouwd door vierkantjes van ongeveer 1cmX1cm. Pixelisme! Arbeidsintensief maar tegelijk rustgevend, en uniek.<\/p>\n\n\n\n<h4 class=\"wp-block-heading\" id=\"h-mijn-werk\"><a href=\"https:\/\/anitafleerackers.be\/nl\/mijn-kunstwerken-bij-je-thuis\/\" target=\"_blank\" rel=\"noreferrer noopener\">Mijn werk<\/a><\/h4>\n<\/div>\n<\/div>\n\n\n\n<iframe src=\"https:\/\/www.google.com\/maps\/embed?pb=!1m16!1m12!1m3!1d2516.30433061113!2d4.334698176691631!3d50.89958475492379!2m3!1f0!2f0!3f0!3m2!1i1024!2i768!4f13.1!2m1!1sBrussels%20Expo%20%E2%80%93%20Belgisch%20Plein%201%201020%20Brussel%20Parking%20B%2C%20T%2C%20M!5e0!3m2!1snl!2sbe!4v1700402732146!5m2!1snl!2sbe\" width=\"100%\" height=\"450\" style=\"border:0;\" allowfullscreen=\"\" loading=\"lazy\" referrerpolicy=\"no-referrer-when-downgrade\"><\/iframe>\n\n\n\n<div style=\"height:40px\" aria-hidden=\"true\" class=\"wp-block-spacer\"><\/div>\n\n\n\n<h3 class=\"wp-block-heading\" id=\"h-venetie\">Veneti\u00eb<\/h3>\n\n\n<div class=\"wp-block-image is-resized\">\n<figure class=\"alignleft size-thumbnail\"><img decoding=\"async\" width=\"150\" height=\"84\" src=\"https:\/\/cdn.shortpixel.ai\/spai5\/q_glossy+ex_1+ret_img+to_auto\/anitafleerackers.be\/wp-content\/uploads\/2023\/10\/Anita-Fleerackers-in-Venetie-150x84.jpg\" data-spai-egr=\"1\" alt=\"Anita Fleerackers in Venice ! \u00a9 Anita Fleerackers in BORDERS ART FAIR 2023 - VENICE INTERNATIONALE KUNSTBEURS - Palazzo Albrizzi-Capello Veneti\u00eb,tijdens dezelfde periode van de 18e Bi\u00ebnnale van Veneti\u00eb voor architectuur. Een internationale ontmoetingsplaats en uitwisselingsproject.\" class=\"wp-image-24192\" style=\"width:150px\"   srcset=\"https:\/\/cdn.shortpixel.ai\/spai5\/q_glossy+ex_1+ret_img+to_auto\/anitafleerackers.be\/wp-content\/uploads\/2023\/10\/Anita-Fleerackers-in-Venetie-150x84.jpg 150w, https:\/\/cdn.shortpixel.ai\/spai5\/q_glossy+ex_1+ret_img+to_auto\/anitafleerackers.be\/wp-content\/uploads\/2023\/10\/Anita-Fleerackers-in-Venetie-374x210.jpg 374w, https:\/\/cdn.shortpixel.ai\/spai5\/q_glossy+ex_1+ret_img+to_auto\/anitafleerackers.be\/wp-content\/uploads\/2023\/10\/Anita-Fleerackers-in-Venetie.jpg 519w\" sizes=\"(max-width: 150px) 100vw, 150px\" \/><figcaption class=\"wp-element-caption\">Anita Fleerackers in Venice ! \u00a9 Anita Fleerackers<\/figcaption><\/figure>\n<\/div>\n\n\n<p class=\"has-neve-text-color-color has-text-color\">Mijn werken \u201cSparkling\u201d werden geselecteerd en tentoongesteld in Veneti\u00eb, BORDERS ART FAIR voor de exposities&nbsp;<a href=\"https:\/\/anitafleerackers.be\/nl\/tentoonstelling\/tentoonstelling-in-groep\/borders-art-fair-hybrid-identities\/\" target=\"_blank\" rel=\"noreferrer noopener\">HYBRID IDENTITIES<\/a>&nbsp;\u2013&nbsp;<a href=\"https:\/\/anitafleerackers.be\/nl\/tentoonstelling\/tentoonstelling-in-groep\/borders-art-fair-2023-secret-spaces\/\" target=\"_blank\" rel=\"noreferrer noopener\">SECRET SPACES<\/a>&nbsp;\u2013&nbsp;<a href=\"https:\/\/anitafleerackers.be\/nl\/tentoonstelling\/tentoonstelling-in-groep\/borders-art-fair-2023-future-landscapes\/\" target=\"_blank\" rel=\"noreferrer noopener\">FUTURE LANDSCAPES<\/a>&nbsp;\u2013&nbsp;<a href=\"https:\/\/anitafleerackers.be\/nl\/tentoonstelling\/tentoonstelling-in-groep\/venice-internationale-kunstbeurs-2023\/\" target=\"_blank\" rel=\"noreferrer noopener\">VENICE INTERNATIONALE KUNSTBEURS<\/a>.<\/p>\n\n\n\n<p class=\"has-neve-text-color-color has-text-color\">Het festival richt zich op het&nbsp;<strong>concept \u201cgrenzen\u201d<\/strong>, tussen de&nbsp;<strong>ziel<\/strong>&nbsp;en het&nbsp;<strong>lichaam<\/strong>, de&nbsp;<strong>mens<\/strong>&nbsp;en de stedelijke ruimte, de stad en de grond. Het festival analyseert het idee van&nbsp;<strong>menselijke en stedelijke grenzen<\/strong>, hoe mensen ze beleven en hoe ze worden gewijzigd in de hedendaagse maatschappij. Ieder mens leeft in een wereld waarin de grenzen en de grenzen zijn houding en gedrag bepalen, de vrijheid beperken en een gevoel van vervreemding cre\u00ebren. De mens reageert door de grenzen te doorbreken en een nieuwe manier van leven te vinden. Wij stellen ons een wereld voor van \u201cvloeibare steden\u201d, waar verschillen nieuwe&nbsp;<strong>mogelijkheden<\/strong>&nbsp;cre\u00ebren in plaats van sociale barri\u00e8res te vormen.<\/p>\n\n\n\n<div style=\"height:40px\" aria-hidden=\"true\" class=\"wp-block-spacer\"><\/div>\n\n\n\n<h3 class=\"wp-block-heading\" id=\"h-medaille-d-or\">M\u00e9daille d\u2019Or<\/h3>\n\n\n<div class=\"wp-block-image is-style-default\">\n<figure class=\"alignleft size-full is-resized\"><img decoding=\"async\" width=\"600\" height=\"404\" src=\"https:\/\/cdn.shortpixel.ai\/spai5\/q_glossy+ex_1+ret_img+to_auto\/anitafleerackers.be\/wp-content\/uploads\/2021\/03\/foto-anita.jpg\" data-spai-egr=\"1\" alt=\"Anita Fleerackers - Artiste Num\u00e9rique - Medaille d'Or Europe 2021 Cr\u00e9ation Artistique - Laur\u00e9ate du Palmar\u00e8s\" class=\"wp-image-18105\" style=\"width:150px\"\/><figcaption class=\"wp-element-caption\">Anita Fleerackers &#8211; Laur\u00e9ate du Palmar\u00e8s<\/figcaption><\/figure>\n<\/div>\n\n\n<p class=\"has-neve-text-color-color has-text-color\">Met mijn werken \u201c SPARKLING\u201d werd ik genomineerd met&nbsp;\u201cM\u00e9daille d\u2019Or\u201d Europe 2021&nbsp;&nbsp;Cr\u00e9ation Artistique Anita Fleerackers Laur\u00e9ate du Palmar\u00e8s. <a href=\"http:\/\/www.artisticmuseography.com\/reportage.php\" target=\"_blank\" rel=\"noreferrer noopener\">Editions Des Musees et de la Culture EDMC-Europe<\/a>.<\/p>\n\n\n\n<p class=\"has-neve-text-color-color has-text-color\"><strong>Le 17 F\u00e9vrier 2021 a eu lieu le II \u00e8me concours num\u00e9rique artistique en distanciel, avec Jury en d\u00e9lib\u00e9rations connect\u00e9es. Ce concours num\u00e9rique EUROPE 2021 CR\u00c9ATION ARTISTIQUE, r\u00e9alis\u00e9 par les Editions des mus\u00e9es et de la culture EDMC-Europe, avec le support technique du site www.artisticmuseography.com, a pour objectif la mise en valeur et le d\u00e9veloppement de la cr\u00e9ation europ\u00e9enne dans les Arts.<\/strong> <a href=\"https:\/\/anitafleerackers.be\/nl\/?p=18126\">Lees meer&#8230;<\/a><\/p>\n\n\n\n<div style=\"height:40px\" aria-hidden=\"true\" class=\"wp-block-spacer\"><\/div>\n\n\n\n<h3 class=\"wp-block-heading\" id=\"h-cancun-mexico\">Cancun MEXICO<\/h3>\n\n\n<div class=\"wp-block-image is-resized\">\n<figure class=\"alignleft size-full\"><img decoding=\"async\" width=\"749\" height=\"678\" src=\"https:\/\/cdn.shortpixel.ai\/spai5\/q_glossy+ex_1+ret_img+to_auto\/anitafleerackers.be\/wp-content\/uploads\/2022\/10\/1c-Museo-Maya.png\" data-spai-egr=\"1\" alt=\"Twee van mijn digitale werken 'The Horse Illusion' en 'The Red Bull' zijn officieel opgenomen in de private collectie van Museo Maya de Cancun, INAH, Mexico\" class=\"wp-image-22103\" style=\"width:150px\"\/><figcaption class=\"wp-element-caption\">Museo Maya de Cancun, INAH, Mexico<\/figcaption><\/figure>\n<\/div>\n\n\n<p>Twee van mijn digitale werken &#8216;The Horse Illusion&#8217; en &#8216;The Red Bull&#8217; zijn officieel opgenomen in de private collectie van Museo Maya de Cancun, INAH, Mexico<\/p>\n\n\n\n<div style=\"height:50px\" aria-hidden=\"true\" class=\"wp-block-spacer\"><\/div>\n\n\n\n<div class=\"wp-block-buttons is-horizontal is-content-justification-center is-layout-flex wp-container-core-buttons-is-layout-499968f5 wp-block-buttons-is-layout-flex\">\n<div class=\"wp-block-button is-style-primary\"><a class=\"wp-block-button__link wp-element-button\" href=\"https:\/\/anitafleerackers.be\/nl\/over-anita-fleerackers\/schrijf-je-nu-in-voor-mijn-nieuwsbrief\/\" target=\"_blank\" rel=\"noreferrer noopener\">ontvang je graag info van mijn tentoonstellingen, SCHRIJF dan NU IN voor MIJN NIEUWSBRIEF<\/a><\/div>\n<\/div>\n\n\n\n<div style=\"height:50px\" aria-hidden=\"true\" class=\"wp-block-spacer\"><\/div>\n<\/div>\n<\/div>\n","protected":false},"excerpt":{"rendered":"<p>art3f Brussel 2023 Internationale beurs voor hedendaagse kunst Stand Anita Fleerackers Brussels Expo art3f Brussel 2023 Internationale beurs voor hedendaagse kunst Stand Anita Fleerackers Van 24 tot 26 november 2023 Openingsuren:vrijdag : 16:00 \u2013 22:00 uzaterdag : 10:00 \u2013 20:00 uzondag : 10:00 \u2013 19:00 u Van Harte Welkom ! Brussels ExpoPaleis 3 \u2013 Belgi\u00ebplein&hellip;&nbsp;<a href=\"https:\/\/anitafleerackers.be\/nl\/tentoonstelling\/tentoonstelling-in-groep\/art3f-brussel-2023-internationale-beurs-voor-hedendaagse-kunst\/\" rel=\"bookmark\">Lees verder \u00bb<span class=\"screen-reader-text\">art3f Brussel 2023 Internationale beurs voor hedendaagse kunst<\/span><\/a><\/p>\n","protected":false},"author":1,"featured_media":24758,"comment_status":"closed","ping_status":"closed","sticky":false,"template":"","format":"standard","meta":{"neve_meta_sidebar":"","neve_meta_container":"","neve_meta_enable_content_width":"","neve_meta_content_width":0,"neve_meta_title_alignment":"","neve_meta_author_avatar":"","neve_post_elements_order":"","neve_meta_disable_header":"","neve_meta_disable_footer":"","neve_meta_disable_title":"","neve_meta_reading_time":"","footnotes":""},"categories":[60],"tags":[2770,4855,4783],"class_list":["post-24757","post","type-post","status-publish","format-standard","has-post-thumbnail","hentry","category-tentoonstelling-in-groep","tag-art3f","tag-brussels-expo","tag-internationale-hedendaagse-kunstbeurs"],"_links":{"self":[{"href":"https:\/\/anitafleerackers.be\/nl\/wp-json\/wp\/v2\/posts\/24757","targetHints":{"allow":["GET"]}}],"collection":[{"href":"https:\/\/anitafleerackers.be\/nl\/wp-json\/wp\/v2\/posts"}],"about":[{"href":"https:\/\/anitafleerackers.be\/nl\/wp-json\/wp\/v2\/types\/post"}],"author":[{"embeddable":true,"href":"https:\/\/anitafleerackers.be\/nl\/wp-json\/wp\/v2\/users\/1"}],"replies":[{"embeddable":true,"href":"https:\/\/anitafleerackers.be\/nl\/wp-json\/wp\/v2\/comments?post=24757"}],"version-history":[{"count":0,"href":"https:\/\/anitafleerackers.be\/nl\/wp-json\/wp\/v2\/posts\/24757\/revisions"}],"wp:featuredmedia":[{"embeddable":true,"href":"https:\/\/anitafleerackers.be\/nl\/wp-json\/wp\/v2\/media\/24758"}],"wp:attachment":[{"href":"https:\/\/anitafleerackers.be\/nl\/wp-json\/wp\/v2\/media?parent=24757"}],"wp:term":[{"taxonomy":"category","embeddable":true,"href":"https:\/\/anitafleerackers.be\/nl\/wp-json\/wp\/v2\/categories?post=24757"},{"taxonomy":"post_tag","embeddable":true,"href":"https:\/\/anitafleerackers.be\/nl\/wp-json\/wp\/v2\/tags?post=24757"}],"curies":[{"name":"wp","href":"https:\/\/api.w.org\/{rel}","templated":true}]}}